{"id":387,"date":"2026-01-23T14:05:36","date_gmt":"2026-01-23T14:05:36","guid":{"rendered":"http:\/\/dogtails.elwutz.de\/?p=387"},"modified":"2026-01-24T09:11:32","modified_gmt":"2026-01-24T09:11:32","slug":"mal-was-in-eigener-sache","status":"publish","type":"post","link":"http:\/\/dogtails.elwutz.de\/?p=387","title":{"rendered":"Mal was in eigener Sache!"},"content":{"rendered":"\n<p>Die Zeiten sind schwierig um \u00fcber Tierschutz oder Rasselisten zu sprechen. Wenn ein Hund in die Medien kommt, dann ist das immer eine Trag\u00f6die. Der Wolf soll wieder abgeschossen werden und gek\u00fcmmert wird sich um die Diktatoren dieser Welt. Ich verstehe das! Nat\u00fcrlich gibt es \u00c4ngste, es gibt vielleicht sogar eine neue Weltordnung. Dinge, die uns allen Angst machen, weil wir sie nicht, oder doch nur sehr indirekt beeinflussen k\u00f6nnen. Ich verstehe auch diese Verallgemeinerungen, die Menschen m\u00fcssen&#8230;.sollen&#8230;.am besten w\u00e4re&#8230;. . Ja , die Welt ist gerade nicht einfach. Kein Mensch m\u00f6chte Krieg oder Arbeitslosigkeit, Hunger, Elend oder sonstwie in Bedr\u00e4ngnis kommen. Trotzdem scheint dies im Moment ein probates Mittel zu sein, dass Aufmerksamkeit verlagert, bewusst verschoben wird. <\/p>\n\n\n\n<p>Sam bei\u00dft seinen Halter tot, auch das wei\u00df keiner genau, aber wie reagiert Niedersachsen? Das ist wohl keine Schlagzeile wert? Sie erh\u00f6hen Anforderungen an Halter, geben Hunde eine zweite Chance. Sowas wird in den Medien kaum gesagt. Ich wei\u00df es nur aus den \u00f6ffentlich rechtlichen. Die Privaten haben es nicht kommuniziert. Was soll ich daraus lernen? <\/p>\n\n\n\n<p>Dankesch\u00f6n f\u00fcrs Lesen! <\/p>\n","protected":false},"excerpt":{"rendered":"<p>Die Zeiten sind schwierig um \u00fcber Tierschutz oder Rasselisten zu sprechen. Wenn ein Hund in die Medien kommt, dann ist das immer eine Trag\u00f6die. Der Wolf soll wieder abgeschossen werden und gek\u00fcmmert wird sich um die Diktatoren dieser Welt. Ich verstehe das! Nat\u00fcrlich gibt es \u00c4ngste, es gibt vielleicht sogar eine neue Weltordnung. Dinge, die &hellip; <a href=\"http:\/\/dogtails.elwutz.de\/?p=387\" class=\"more-link\"><span class=\"screen-reader-text\">\u201eMal was in eigener Sache!\u201c<\/span> weiterlesen<\/a><\/p>\n","protected":false},"author":1,"featured_media":0,"comment_status":"open","ping_status":"open","sticky":false,"template":"","format":"standard","meta":{"footnotes":""},"categories":[1],"tags":[],"class_list":["post-387","post","type-post","status-publish","format-standard","hentry","category-uncategorized"],"_links":{"self":[{"href":"http:\/\/dogtails.elwutz.de\/index.php?rest_route=\/wp\/v2\/posts\/387","targetHints":{"allow":["GET"]}}],"collection":[{"href":"http:\/\/dogtails.elwutz.de\/index.php?rest_route=\/wp\/v2\/posts"}],"about":[{"href":"http:\/\/dogtails.elwutz.de\/index.php?rest_route=\/wp\/v2\/types\/post"}],"author":[{"embeddable":true,"href":"http:\/\/dogtails.elwutz.de\/index.php?rest_route=\/wp\/v2\/users\/1"}],"replies":[{"embeddable":true,"href":"http:\/\/dogtails.elwutz.de\/index.php?rest_route=%2Fwp%2Fv2%2Fcomments&post=387"}],"version-history":[{"count":3,"href":"http:\/\/dogtails.elwutz.de\/index.php?rest_route=\/wp\/v2\/posts\/387\/revisions"}],"predecessor-version":[{"id":390,"href":"http:\/\/dogtails.elwutz.de\/index.php?rest_route=\/wp\/v2\/posts\/387\/revisions\/390"}],"wp:attachment":[{"href":"http:\/\/dogtails.elwutz.de\/index.php?rest_route=%2Fwp%2Fv2%2Fmedia&parent=387"}],"wp:term":[{"taxonomy":"category","embeddable":true,"href":"http:\/\/dogtails.elwutz.de\/index.php?rest_route=%2Fwp%2Fv2%2Fcategories&post=387"},{"taxonomy":"post_tag","embeddable":true,"href":"http:\/\/dogtails.elwutz.de\/index.php?rest_route=%2Fwp%2Fv2%2Ftags&post=387"}],"curies":[{"name":"wp","href":"https:\/\/api.w.org\/{rel}","templated":true}]}}